{"id":4210,"date":"2026-04-20T10:35:25","date_gmt":"2026-04-20T10:35:25","guid":{"rendered":"https:\/\/ewtnafrique.com\/fr\/photos-pope-leo-xiv-celebrates-mass-leads-rosary-in-angola\/"},"modified":"2026-04-20T10:35:25","modified_gmt":"2026-04-20T10:35:25","slug":"photos-pope-leo-xiv-celebrates-mass-leads-rosary-in-angola","status":"publish","type":"post","link":"http:\/\/ewtnafrique.com\/fr\/photos-pope-leo-xiv-celebrates-mass-leads-rosary-in-angola\/","title":{"rendered":"PHOTOS : Le pape L\u00e9on XIV c\u00e9l\u00e8bre la messe et dirige le rosaire en Angola"},"content":{"rendered":"<p>Un regard en photos sur le septi\u00e8me jour de la visite apostolique du pape L\u00e9on XIV en Afrique.<\/p>\n<p>Le pape L\u00e9on XIV a poursuivi son voyage apostolique en Afrique le 19 avril en Angola, en c\u00e9l\u00e9brant la messe \u00e0 Kilamba avant de diriger le rosaire lors d'un rassemblement au sanctuaire marial de Mama Muxima.<\/p>\n<p>S'adressant aux jeunes, aux membres de la L\u00e9gion de Marie et aux autres p\u00e8lerins rassembl\u00e9s au sanctuaire, le pape s'est dit \u201cheureux de partager avec eux ce moment de pri\u00e8re mariale\u201d.<\/p>\n<p>Voici quelques-uns des moments forts de l'activit\u00e9 du Pape L\u00e9on ce dimanche :<\/p>\n<p>Le pape L\u00e9on XIV salue la foule rassembl\u00e9e avant la messe \u00e0 Kilamba, en Angola, le 19 avril 2026. | Cr\u00e9dit : Vatican Media<\/p>\n<p>Le pape L\u00e9on XIV fait le signe de croix au d\u00e9but de la messe \u00e0 Kilamba, en Angola, le 19 avril 2026. | Cr\u00e9dit : Vatican Media<\/p>\n<p>Le pape L\u00e9on XIV c\u00e9l\u00e8bre la messe \u00e0 Kilamba, en Angola, le 19 avril 2026. Environ 100 000 fid\u00e8les ont envahi la grande esplanade o\u00f9 s'est d\u00e9roul\u00e9e la c\u00e9l\u00e9bration eucharistique. | Cr\u00e9dit : Vatican Media<\/p>\n<p>Le pape L\u00e9on XIV c\u00e9l\u00e8bre la messe \u00e0 Kilamba, en Angola, le 19 avril 2026. | Cr\u00e9dit : Vatican Media<\/p>\n<p>Le pape L\u00e9on XIV encense l'autel pendant la messe \u00e0 Kilamba, en Angola, le 19 avril 2026. | Cr\u00e9dit : Vatican Media<\/p>\n<p>Le pape L\u00e9on XIV regarde par la fen\u00eatre pendant son trajet vers le sanctuaire marial de Mama Muxima \u00e0 Kimbaxe, en Angola, le 19 avril 2026. | Cr\u00e9dit : Vatican Media<\/p>\n<p>Le pape L\u00e9on XIV salue les foules rassembl\u00e9es pour prier le rosaire au sanctuaire marial de Mama Muxima \u00e0 Kimbaxe, en Angola, le 19 avril 2026. | Cr\u00e9dit : Vatican Media<\/p>\n<p>Le pape L\u00e9on XIV salue un b\u00e9b\u00e9 lors de sa visite au sanctuaire marial de Mama Muxima \u00e0 Kimbaxe, en Angola, le 19 avril 2026. | Cr\u00e9dit : Vatican Media<\/p>\n<p>Le pape L\u00e9on XIV d\u00e9pose des fleurs au sanctuaire marial de Mama Muxima \u00e0 Kimbaxe, en Angola, le 19 avril 2026. | Cr\u00e9dit : Vatican Media<\/p>\n<p>Le pape L\u00e9on XIV prie au sanctuaire marial de Mama Muxima \u00e0 Kimbaxe, en Angola, le 19 avril 2026. | Cr\u00e9dit : Vatican Media<\/p>\n<p>Le pape L\u00e9on XIV dirige le rosaire au sanctuaire marial de Mama Muxima \u00e0 Kimbaxe, en Angola, le 19 avril 2026. | Cr\u00e9dit : Vatican Media<\/p>\n<p>La foule se rassemble pour prier le rosaire avec le pape L\u00e9on XIV au sanctuaire marial de Mama Muxima \u00e0 Kimbaxe, en Angola, le 19 avril 2026. | Cr\u00e9dit : Vatican Media<\/p>\n<p>Suivez les mises \u00e0 jour en direct du voyage du Pape L\u00e9on en Afrique sur EWTN News.<\/p>\n<p>Cet article a \u00e9t\u00e9 publi\u00e9 \u00e0 l'origine sur EWTN News en anglais.<\/p>\n<p><em>Source : <a href=\"https:\/\/ewtnvatican.com\/articles\/photos-pope-leo-xiv-celebrates-mass-leads-rosary-in-angola\" target=\"_blank\" rel=\"noopener noreferrer\">https:\/\/ewtnvatican.com\/articles\/photos-pope-leo-xiv-celebrates-mass-leads-rosary-in-angola<\/a><\/em><\/p>","protected":false},"excerpt":{"rendered":"<p>Un regard en photos sur le septi\u00e8me jour de la visite apostolique du pape L\u00e9on XIV en Afrique. Le pape L\u00e9on XIV a poursuivi son voyage apostolique en Afrique le 19 avril en Angola, c\u00e9l\u00e9brant la messe \u00e0 Kilamba avant de diriger le rosaire lors d'un rassemblement au sanctuaire marial de Mama Muxima. S'adressant aux jeunes, aux membres de la L\u00e9gion [...]<\/p>","protected":false},"author":26,"featured_media":4209,"comment_status":"open","ping_status":"open","sticky":false,"template":"","format":"standard","meta":{"footnotes":""},"categories":[12],"tags":[],"class_list":["post-4210","post","type-post","status-publish","format-standard","has-post-thumbnail","hentry","category-vatican"],"_links":{"self":[{"href":"http:\/\/ewtnafrique.com\/fr\/wp-json\/wp\/v2\/posts\/4210","targetHints":{"allow":["GET"]}}],"collection":[{"href":"http:\/\/ewtnafrique.com\/fr\/wp-json\/wp\/v2\/posts"}],"about":[{"href":"http:\/\/ewtnafrique.com\/fr\/wp-json\/wp\/v2\/types\/post"}],"author":[{"embeddable":true,"href":"http:\/\/ewtnafrique.com\/fr\/wp-json\/wp\/v2\/users\/26"}],"replies":[{"embeddable":true,"href":"http:\/\/ewtnafrique.com\/fr\/wp-json\/wp\/v2\/comments?post=4210"}],"version-history":[{"count":0,"href":"http:\/\/ewtnafrique.com\/fr\/wp-json\/wp\/v2\/posts\/4210\/revisions"}],"wp:featuredmedia":[{"embeddable":true,"href":"http:\/\/ewtnafrique.com\/fr\/wp-json\/wp\/v2\/media\/4209"}],"wp:attachment":[{"href":"http:\/\/ewtnafrique.com\/fr\/wp-json\/wp\/v2\/media?parent=4210"}],"wp:term":[{"taxonomy":"category","embeddable":true,"href":"http:\/\/ewtnafrique.com\/fr\/wp-json\/wp\/v2\/categories?post=4210"},{"taxonomy":"post_tag","embeddable":true,"href":"http:\/\/ewtnafrique.com\/fr\/wp-json\/wp\/v2\/tags?post=4210"}],"curies":[{"name":"wp","href":"https:\/\/api.w.org\/{rel}","templated":true}]}}