{"id":4399,"date":"2026-04-30T17:03:23","date_gmt":"2026-04-30T17:03:23","guid":{"rendered":"https:\/\/ewtnafrique.com\/fr\/pope-leo-xivs-historic-africa-visit-highlights-urgent-call-for-peace-and-reconciliation\/"},"modified":"2026-04-30T17:03:23","modified_gmt":"2026-04-30T17:03:23","slug":"pope-leo-xivs-historic-africa-visit-highlights-urgent-call-for-peace-and-reconciliation","status":"publish","type":"post","link":"http:\/\/ewtnafrique.com\/fr\/pope-leo-xivs-historic-africa-visit-highlights-urgent-call-for-peace-and-reconciliation\/","title":{"rendered":"La visite historique du pape L\u00e9on XIV en Afrique met en lumi\u00e8re l'appel urgent \u00e0 la paix et \u00e0 la r\u00e9conciliation"},"content":{"rendered":"<p>VILLE DU VATICAN - Au cours d'une semaine marqu\u00e9e par un symbolisme puissant et une pertinence mondiale, la visite historique du pape L\u00e9on XIV en Afrique est apparue comme le moment d\u00e9terminant des derniers d\u00e9veloppements au Vatican. Le voyage du Saint-P\u00e8re a soulign\u00e9 la pr\u00e9sence croissante de l'\u00c9glise sur le continent tout en d\u00e9livrant un message clair et urgent : la paix doit \u00eatre v\u00e9cue et non impos\u00e9e.<\/p>\n<p>Le pape L\u00e9on XIV en Afrique : Une mission pastorale de paix<\/p>\n<p>Au cours de sa visite, le pape L\u00e9on XIV s'est engag\u00e9 directement aupr\u00e8s des communaut\u00e9s profond\u00e9ment affect\u00e9es par la violence et l'instabilit\u00e9. Parmi les moments les plus \u00e9mouvants, citons ses rencontres avec les victimes du conflit, son \u00e9treinte avec les enfants n\u00e9s pendant la guerre et les grandes messes auxquelles ont assist\u00e9 des milliers de fid\u00e8les.<\/p>\n<p>Ces sc\u00e8nes refl\u00e8tent non seulement la vitalit\u00e9 de l'\u00c9glise africaine, mais aussi l'engagement du pape \u00e0 marcher aux c\u00f4t\u00e9s de ceux qui sont en marge de la soci\u00e9t\u00e9. Son appel r\u00e9p\u00e9t\u00e9 \u00e0 la paix a soulign\u00e9 qu'une r\u00e9conciliation durable ne peut \u00eatre obtenue par la seule force.<\/p>\n<p>\u201cLa paix ne peut \u00eatre impos\u00e9e, mais doit \u00eatre v\u00e9cue, choisie et soutenue par la foi et la justice.\u201d<\/p>\n<p>Ce message a eu une forte r\u00e9sonance dans une r\u00e9gion o\u00f9 les tensions politiques et sociales continuent de menacer la stabilit\u00e9, positionnant l'\u00c9glise comme une voix morale en faveur de la gu\u00e9rison et de l'unit\u00e9.<\/p>\n<p>\u201cUn canal, pas un filtre Message du pape aux nouveaux pr\u00eatres<\/p>\n<p>De retour \u00e0 Rome, le pape L\u00e9on XIV pr\u00e9side une messe d'ordination solennelle au Vatican et adresse une directive frappante aux pr\u00eatres nouvellement ordonn\u00e9s.<\/p>\n<p>\u201cVous \u00eates un canal, pas un filtre.\u201d<\/p>\n<p>Par ces mots, le pape a mis en garde contre la tentation de laisser une id\u00e9ologie personnelle d\u00e9former l'\u00c9vangile. Au contraire, il a appel\u00e9 les pr\u00eatres \u00e0 incarner l'humilit\u00e9, la fid\u00e9lit\u00e9 \u00e0 l'enseignement de l'\u00c9glise et la proximit\u00e9 avec les personnes souffrantes.<\/p>\n<p>Il a soulign\u00e9 que le sacerdoce n'est pas une question d'expression personnelle, mais de transmission de la gr\u00e2ce en tant qu'instrument transparent de la mis\u00e9ricorde de Dieu - un message qui renforce la mission pastorale de l'\u00c9glise dans un monde divis\u00e9.<\/p>\n<p>Journ\u00e9es Mondiales de la Jeunesse de S\u00e9oul 2027 : les saints patrons sont annonc\u00e9s<\/p>\n<p>Le Vatican a \u00e9galement annonc\u00e9 les saints patrons des Journ\u00e9es Mondiales de la Jeunesse de S\u00e9oul 2027, mettant en avant des figures connues pour leur z\u00e8le missionnaire, leur martyre et leur saintet\u00e9 juv\u00e9nile.<\/p>\n<p>Ces saints refl\u00e8tent \u00e0 la fois la souffrance et l'espoir de l'\u00c9glise asiatique, en particulier en Cor\u00e9e, et sont destin\u00e9s \u00e0 inspirer les jeunes catholiques \u00e0 vivre hardiment dans la foi.<\/p>\n<p>Le Vatican honore le t\u00e9moignage des martyrs du communisme<\/p>\n<p>Dans un moment de profonde \u00e9motion, le cardinal Ernest Simoni- souvent qualifi\u00e9 de \u201cmartyr vivant du communisme\u201d - a pr\u00e9sent\u00e9 au pape L\u00e9on XIV une relique des martyrs albanais qui ont souffert de pers\u00e9cutions sous un r\u00e9gime brutal.<\/p>\n<p>Ce geste a rappel\u00e9 avec force le co\u00fbt de la foi au XXe si\u00e8cle et le t\u00e9moignage durable de ceux qui sont rest\u00e9s in\u00e9branlables face \u00e0 l'oppression. Le pape a salu\u00e9 leur fid\u00e9lit\u00e9, notant que leur sacrifice continue de parler \u00e0 un monde o\u00f9 la pers\u00e9cution religieuse reste une r\u00e9alit\u00e9.<\/p>\n<p>Un h\u00e9ritage qui atteint les \u00e9toiles : Un ast\u00e9ro\u00efde nomm\u00e9 d'apr\u00e8s le pape L\u00e9on XIII<\/p>\n<p>Un ast\u00e9ro\u00efde a \u00e9t\u00e9 nomm\u00e9 en l'honneur du pape L\u00e9on XIII, en reconnaissance de l'influence durable qu'il a exerc\u00e9e sur la vie intellectuelle catholique, dans une surprenante rencontre entre la foi et la science.<\/p>\n<p>Connu pour son encyclique historique Rerum Novarum, L\u00e9on XIII a d\u00e9fendu l'engagement de l'\u00c9glise dans la soci\u00e9t\u00e9 moderne, la science et les questions sociales. Cet hommage c\u00e9leste symbolise un h\u00e9ritage qui s'\u00e9tend d\u00e9sormais - litt\u00e9ralement - au-del\u00e0 de la Terre.<\/p>\n<p>Une semaine qui refl\u00e8te la mission mondiale de l'\u00c9glise<\/p>\n<p>De l'Afrique \u00e0 Rome et m\u00eame dans l'espace, les \u00e9v\u00e9nements de cette semaine mettent en lumi\u00e8re la port\u00e9e mondiale de l'\u00c9glise catholique et son souci constant de la paix, de la v\u00e9rit\u00e9 et de la dignit\u00e9 humaine.<\/p>\n<p>Le message du pape L\u00e9on XIV reste au centre : dans un monde fractur\u00e9, la paix doit \u00eatre choisie et v\u00e9cue au quotidien, fond\u00e9e sur la foi et la justice.<\/p>\n<p>Les mises \u00e0 jour du Vatican de cette semaine<\/p>\n<p>Restez au courant des derni\u00e8res nouvelles du Vatican, des voyages du pape et des d\u00e9veloppements catholiques mondiaux en vous abonnant aux mises \u00e0 jour hebdomadaires de Vaticano.<\/p>\n<p><em>Source : <a href=\"https:\/\/ewtnvatican.com\/articles\/pope-leo-xivs-historic-africa-visit-calls-for-peace\" target=\"_blank\" rel=\"noopener noreferrer\">https:\/\/ewtnvatican.com\/articles\/pope-leo-xivs-historic-africa-visit-calls-for-peace<\/a><\/em><\/p>","protected":false},"excerpt":{"rendered":"<p>VILLE DU VATICAN - Au cours d'une semaine marqu\u00e9e par un symbolisme puissant et une pertinence mondiale, la visite historique du Pape L\u00e9on XIV en Afrique est apparue comme le moment d\u00e9terminant des derniers d\u00e9veloppements au Vatican. Le voyage du Saint-P\u00e8re a soulign\u00e9 la pr\u00e9sence croissante de l'\u00c9glise sur le continent tout en d\u00e9livrant un message clair et urgent : la paix doit \u00eatre v\u00e9cue, et non [...]<\/p>","protected":false},"author":26,"featured_media":4398,"comment_status":"open","ping_status":"open","sticky":false,"template":"","format":"standard","meta":{"footnotes":""},"categories":[12],"tags":[],"class_list":["post-4399","post","type-post","status-publish","format-standard","has-post-thumbnail","hentry","category-vatican"],"_links":{"self":[{"href":"http:\/\/ewtnafrique.com\/fr\/wp-json\/wp\/v2\/posts\/4399","targetHints":{"allow":["GET"]}}],"collection":[{"href":"http:\/\/ewtnafrique.com\/fr\/wp-json\/wp\/v2\/posts"}],"about":[{"href":"http:\/\/ewtnafrique.com\/fr\/wp-json\/wp\/v2\/types\/post"}],"author":[{"embeddable":true,"href":"http:\/\/ewtnafrique.com\/fr\/wp-json\/wp\/v2\/users\/26"}],"replies":[{"embeddable":true,"href":"http:\/\/ewtnafrique.com\/fr\/wp-json\/wp\/v2\/comments?post=4399"}],"version-history":[{"count":0,"href":"http:\/\/ewtnafrique.com\/fr\/wp-json\/wp\/v2\/posts\/4399\/revisions"}],"wp:featuredmedia":[{"embeddable":true,"href":"http:\/\/ewtnafrique.com\/fr\/wp-json\/wp\/v2\/media\/4398"}],"wp:attachment":[{"href":"http:\/\/ewtnafrique.com\/fr\/wp-json\/wp\/v2\/media?parent=4399"}],"wp:term":[{"taxonomy":"category","embeddable":true,"href":"http:\/\/ewtnafrique.com\/fr\/wp-json\/wp\/v2\/categories?post=4399"},{"taxonomy":"post_tag","embeddable":true,"href":"http:\/\/ewtnafrique.com\/fr\/wp-json\/wp\/v2\/tags?post=4399"}],"curies":[{"name":"wp","href":"https:\/\/api.w.org\/{rel}","templated":true}]}}