{"id":4403,"date":"2026-04-30T11:44:39","date_gmt":"2026-04-30T11:44:39","guid":{"rendered":"https:\/\/ewtnafrique.com\/fr\/what-is-ecclesiastical-communion-which-pope-leo-xiv-granted-to-the-new-chaldean-patriarch\/"},"modified":"2026-04-30T11:44:39","modified_gmt":"2026-04-30T11:44:39","slug":"what-is-ecclesiastical-communion-which-pope-leo-xiv-granted-to-the-new-chaldean-patriarch","status":"publish","type":"post","link":"http:\/\/ewtnafrique.com\/fr\/what-is-ecclesiastical-communion-which-pope-leo-xiv-granted-to-the-new-chaldean-patriarch\/","title":{"rendered":"Qu'est-ce que la \u2018communion eccl\u00e9siastique\u2019 que le pape L\u00e9on XIV a accord\u00e9e au nouveau patriarche chald\u00e9en ?"},"content":{"rendered":"<p>Conform\u00e9ment aux proc\u00e9dures applicables aux \u00c9glises catholiques orientales autonomes, le pape L\u00e9on XIV a accord\u00e9 la communion eccl\u00e9siastique au patriarche nouvellement \u00e9lu de l'\u00c9glise catholique chald\u00e9enne, Mar Paul III Nona.<\/p>\n<p>Le pape L\u00e9on XIV a accord\u00e9 la communion eccl\u00e9siastique au nouveau patriarche de Bagdad des Chald\u00e9ens, Sa B\u00e9atitude Mar Paul III Nona, qui est d\u00e9sormais \u00e0 la t\u00eate de cette \u00c9glise catholique orientale bas\u00e9e en Irak, en pleine communion avec Rome.<\/p>\n<p>Qu'est-ce que l'\u00c9glise chald\u00e9enne ?<\/p>\n<p>L'\u00c9glise chald\u00e9enne est l'une des plus de 20 \u00c9glises catholiques orientales plac\u00e9es sous l'autorit\u00e9 du pape \u00e0 Rome et poss\u00e8de une autonomie conform\u00e9ment au canon 27 du code des canons des \u00c9glises orientales.<\/p>\n<p>Cela lui permet de g\u00e9rer ses affaires internes conform\u00e9ment aux lois qu'elle a elle-m\u00eame \u00e9tablies. Le synode des \u00e9v\u00eaques chald\u00e9ens est l'organe qui a \u00e9lu le nouveau patriarche.<\/p>\n<p>Qu'est-ce que la communion eccl\u00e9siale ?<\/p>\n<p>Le nouveau patriarche, qui succ\u00e8de au cardinal Louis Rapha\u00ebl Sako, d\u00e9missionnaire, a \u00e9t\u00e9 \u00e9lu le 12 avril et a re\u00e7u la communion eccl\u00e9siastique le 24 avril, apr\u00e8s l'avoir demand\u00e9e par une lettre adress\u00e9e au pape L\u00e9on, comme le pr\u00e9voit le canon 76 \u00a7 2 du code des canons des \u00c9glises orientales.<\/p>\n<p>\u201cD'un c\u0153ur rempli de joie, je vous accorde l'ecclesiastica communio comme expression et lien de la pleine communion avec le Si\u00e8ge apostolique dans le service commun de l'unit\u00e9 de l'\u00c9glise et de l'\u00e9dification du corps du Christ\u201d, a \u00e9crit le Saint-P\u00e8re au nouveau patriarche chald\u00e9en.<\/p>\n<p>La communion eccl\u00e9siastique est la reconnaissance formelle de la pleine communion avec le dioc\u00e8se de Rome, c'est-\u00e0-dire avec le pape, accord\u00e9e \u00e0 celui qui la demande, en l'occurrence le patriarche chald\u00e9en.<\/p>\n<p>Cette reconnaissance permet au nouveau patriarche d'exercer pleinement son minist\u00e8re \u00e0 la t\u00eate de l'\u00c9glise catholique chald\u00e9enne, non seulement en Irak, mais aussi au sein de la diaspora dans le monde entier.<\/p>\n<p>Une fois que le patriarche, qui est \u201cprimus inter pares\u201d (\u201cpremier parmi ses pairs\u201d), a re\u00e7u la communion eccl\u00e9siastique, il peut convoquer le synode des \u00e9v\u00eaques de l'\u00c9glise qu'il pr\u00e9side et ordonner des \u00e9v\u00eaques.<\/p>\n<p>Message du pape L\u00e9on au nouveau patriarche chald\u00e9en<\/p>\n<p>Le pape L\u00e9on XIV a offert ses pri\u00e8res au nouveau patriarche et \u00e0 sa mission d'annoncer l'\u00c9vangile, \u201cen renfor\u00e7ant la communion eccl\u00e9siale sur son propre territoire et dans les territoires de la diaspora, qui devient de plus en plus nombreuse\u201d.\u201d<\/p>\n<p>Le Saint-P\u00e8re a soulign\u00e9 que Mar Paul III Nona a \u00e9t\u00e9 \u00e9lu \u201cle jour o\u00f9 la liturgie chald\u00e9enne comm\u00e9more la rencontre du Christ ressuscit\u00e9 avec saint Thomas, qui est \u00e0 l'origine de la tradition vivante de cette \u00c9glise\u201d.\u201d<\/p>\n<p>C'est pourquoi il a encourag\u00e9 les Chald\u00e9ens \u00e0 pers\u00e9v\u00e9rer en tant que \u201cvrais croyants\u201d, en particulier face aux \u201c\u00e9preuves extr\u00eamement ardues\u201d auxquelles les fid\u00e8les en Irak et dans d'autres territoires sont souvent confront\u00e9s.<\/p>\n<p>Cet article a \u00e9t\u00e9 publi\u00e9 pour la premi\u00e8re fois par ACI Prensa, le service fr\u00e8re en langue espagnole d'EWTN News. Il a \u00e9t\u00e9 traduit et adapt\u00e9 par EWTN News English.<\/p>\n<p><em>Source : <a href=\"https:\/\/ewtnvatican.com\/articles\/what-is-ecclesiastical-communion-which-pope-leo-xiv-granted-to-the-new-chaldean-patriarch\" target=\"_blank\" rel=\"noopener noreferrer\">https:\/\/ewtnvatican.com\/articles\/what-is-ecclesiastical-communion-which-pope-leo-xiv-granted-to-the-new-chaldean-patriarch<\/a><\/em><\/p>","protected":false},"excerpt":{"rendered":"<p>Conform\u00e9ment aux proc\u00e9dures applicables aux \u00c9glises catholiques orientales autonomes, le pape L\u00e9on XIV a accord\u00e9 la communion eccl\u00e9siastique au patriarche nouvellement \u00e9lu de l'\u00c9glise catholique chald\u00e9enne, Mar Paul III Nona. Le pape L\u00e9on XIV a accord\u00e9 la communion eccl\u00e9siastique au nouveau patriarche de Bagdad des Chald\u00e9ens, Sa B\u00e9atitude Mar Paul III Nona, qui est d\u00e9sormais \u00e0 la t\u00eate de [...]<\/p>","protected":false},"author":26,"featured_media":4402,"comment_status":"open","ping_status":"open","sticky":false,"template":"","format":"standard","meta":{"footnotes":""},"categories":[12],"tags":[],"class_list":["post-4403","post","type-post","status-publish","format-standard","has-post-thumbnail","hentry","category-vatican"],"_links":{"self":[{"href":"http:\/\/ewtnafrique.com\/fr\/wp-json\/wp\/v2\/posts\/4403","targetHints":{"allow":["GET"]}}],"collection":[{"href":"http:\/\/ewtnafrique.com\/fr\/wp-json\/wp\/v2\/posts"}],"about":[{"href":"http:\/\/ewtnafrique.com\/fr\/wp-json\/wp\/v2\/types\/post"}],"author":[{"embeddable":true,"href":"http:\/\/ewtnafrique.com\/fr\/wp-json\/wp\/v2\/users\/26"}],"replies":[{"embeddable":true,"href":"http:\/\/ewtnafrique.com\/fr\/wp-json\/wp\/v2\/comments?post=4403"}],"version-history":[{"count":0,"href":"http:\/\/ewtnafrique.com\/fr\/wp-json\/wp\/v2\/posts\/4403\/revisions"}],"wp:featuredmedia":[{"embeddable":true,"href":"http:\/\/ewtnafrique.com\/fr\/wp-json\/wp\/v2\/media\/4402"}],"wp:attachment":[{"href":"http:\/\/ewtnafrique.com\/fr\/wp-json\/wp\/v2\/media?parent=4403"}],"wp:term":[{"taxonomy":"category","embeddable":true,"href":"http:\/\/ewtnafrique.com\/fr\/wp-json\/wp\/v2\/categories?post=4403"},{"taxonomy":"post_tag","embeddable":true,"href":"http:\/\/ewtnafrique.com\/fr\/wp-json\/wp\/v2\/tags?post=4403"}],"curies":[{"name":"wp","href":"https:\/\/api.w.org\/{rel}","templated":true}]}}