{"id":4405,"date":"2026-04-30T11:44:00","date_gmt":"2026-04-30T11:44:00","guid":{"rendered":"https:\/\/ewtnafrique.com\/fr\/pope-leo-xiiis-legacy-reaches-space-with-asteroid-named-in-his-honor\/"},"modified":"2026-04-30T11:44:00","modified_gmt":"2026-04-30T11:44:00","slug":"pope-leo-xiiis-legacy-reaches-space-with-asteroid-named-in-his-honor","status":"publish","type":"post","link":"http:\/\/ewtnafrique.com\/fr\/pope-leo-xiiis-legacy-reaches-space-with-asteroid-named-in-his-honor\/","title":{"rendered":"L'h\u00e9ritage du pape L\u00e9on XIII atteint l'espace avec l'ast\u00e9ro\u00efde nomm\u00e9 en son honneur"},"content":{"rendered":"<p>L'Observatoire du Vatican a nomm\u00e9 quatre ast\u00e9ro\u00efdes d'apr\u00e8s des personnages cl\u00e9s de son histoire, dont le pape qui a refond\u00e9 l'observatoire en 1891.<\/p>\n<p>L'Observatoire du Vatican a baptis\u00e9 quatre ast\u00e9ro\u00efdes du nom de personnages cl\u00e9s de son histoire. Parmi eux, le pape L\u00e9on XIII, qui a refond\u00e9 l'institution en 1891.<\/p>\n<p>Les ast\u00e9ro\u00efdes nouvellement nomm\u00e9s ont \u00e9t\u00e9 d\u00e9couverts par le t\u00e9lescope que le Vatican exploite en Arizona.<\/p>\n<p>L'ast\u00e9ro\u00efde \u201cGioacchinopecci\u201d honore le pape L\u00e9on XIII, n\u00e9 Gioacchino Vincenzo Raffaele Luigi Pecci, dont l'h\u00e9ritage est \u00e9troitement li\u00e9 au pontificat du pape L\u00e9on XIV.<\/p>\n<p>Selon l'observatoire, L\u00e9on XIII a r\u00e9tabli l'Observatoire du Vatican apr\u00e8s la perte des \u00c9tats pontificaux et d'importantes installations astronomiques, notamment l'observatoire du p\u00e8re Angelo Secchi situ\u00e9 au-dessus de l'\u00e9glise Saint-Ignace \u00e0 Rome.<\/p>\n<p>Des photographies du Vatican datant du d\u00e9but du XXe si\u00e8cle montrent les d\u00f4mes des t\u00e9lescopes de l'observatoire au-dessus des murs du Vatican et de la Tour des Vents.<\/p>\n<p>Dans les ann\u00e9es 1930, l'\u00e9clairage \u00e9lectrique ayant rendu le ciel nocturne de Rome plus lumineux, les t\u00e9lescopes ont \u00e9t\u00e9 transf\u00e9r\u00e9s au palais apostolique de Castel Gandolfo, au sud de Rome, dont les coupoles sont encore visibles aujourd'hui \u00e0 des kilom\u00e8tres de distance.<\/p>\n<p>L'augmentation ult\u00e9rieure de la pollution lumineuse en provenance de Rome a conduit \u00e0 la construction du t\u00e9lescope \u00e0 technologie avanc\u00e9e du Vatican (VATT) sur le mont Graham en Arizona dans les ann\u00e9es 1990.<\/p>\n<p>Par le motu proprio Ut Mysticam de 1891, L\u00e9on XIII a cr\u00e9\u00e9 l'Observatoire du Vatican, d\u00e9clarant qu'il contribuerait \u00e0 montrer au monde que l'attitude actuelle et historique de l'\u00c9glise \u00e0 l'\u00e9gard de la \u201cscience vraie et solide\u201d consistait \u00e0 \u201cl'embrasser, l'encourager et la promouvoir avec le plus grand d\u00e9vouement possible\u201d, contrairement \u00e0 ce que pr\u00e9tendaient ses d\u00e9tracteurs.<\/p>\n<p>Il a notamment soulign\u00e9 que l'observatoire contribuerait \u00e0 promouvoir \u201cune science tr\u00e8s noble qui, plus que toute autre discipline humaine, \u00e9l\u00e8ve l'esprit des mortels \u00e0 la contemplation des \u00e9v\u00e9nements c\u00e9lestes\u201d.\u201d<\/p>\n<p>L\u00e9on XIII est le troisi\u00e8me pape \u00e0 avoir un ast\u00e9ro\u00efde \u00e0 son nom. Gr\u00e9goire XIII en a un en reconnaissance de son r\u00f4le dans la r\u00e9forme du calendrier, tout comme Beno\u00eet XVI, \u00e0 qui est d\u00e9di\u00e9 \u201c(8661) Ratzinger\u201d.<\/p>\n<p>Outre le pape L\u00e9on XIII, un autre ast\u00e9ro\u00efde a \u00e9t\u00e9 baptis\u00e9 \u201cLais\u201d en l'honneur de Giuseppe Lais, un pr\u00eatre et astronome italien qui a \u00e9t\u00e9 directeur adjoint de l'Observatoire du Vatican pendant 30 ans. Des ast\u00e9ro\u00efdes ont \u00e9galement \u00e9t\u00e9 nomm\u00e9s en l'honneur de Pietro Maffi, cardinal italien, archev\u00eaque de Pise et astronome, et d'Andr\u00e9 Bertiau, pr\u00eatre j\u00e9suite belge, astronome et ancien directeur de l'Observatoire du Vatican.<\/p>\n<p>Les ast\u00e9ro\u00efdes re\u00e7oivent une d\u00e9signation provisoire au moment de leur d\u00e9couverte, bas\u00e9e sur la date d'observation et g\u00e9r\u00e9e par le groupe de travail pour la nomenclature des petits corps de l'Union astronomique internationale.<\/p>\n<p>Lorsque l'orbite d'un ast\u00e9ro\u00efde est d\u00e9termin\u00e9e avec suffisamment de pr\u00e9cision et que sa trajectoire future peut \u00eatre pr\u00e9dite de mani\u00e8re fiable, un num\u00e9ro permanent lui est attribu\u00e9. Actuellement, environ 850 000 des quelque 1,3 million d'ast\u00e9ro\u00efdes connus ont re\u00e7u un num\u00e9ro permanent.<\/p>\n<p>Ce n'est qu'apr\u00e8s avoir re\u00e7u ce num\u00e9ro, note l'observatoire, que les d\u00e9couvreurs peuvent proposer un nom d\u00e9finitif pour remplacer la d\u00e9signation provisoire.<\/p>\n<p>Le nom propos\u00e9 est ensuite examin\u00e9 par le groupe de travail et doit \u00eatre conforme \u00e0 des directives sp\u00e9cifiques. Une fois approuv\u00e9, l'ast\u00e9ro\u00efde est connu sous son nom officiel, \u00e9crit \u201c(num\u00e9ro) Nom\u201d.\u201d<\/p>\n<p>Cet article a \u00e9t\u00e9 publi\u00e9 pour la premi\u00e8re fois par ACI Prensa, le service fr\u00e8re en langue espagnole d'EWTN News. Il a \u00e9t\u00e9 traduit et adapt\u00e9 par EWTN News English.<\/p>\n<p><em>Source : <a href=\"https:\/\/ewtnvatican.com\/articles\/pope-leo-xiiis-legacy-reaches-space-with-asteroid-named-in-his-honor\" target=\"_blank\" rel=\"noopener noreferrer\">https:\/\/ewtnvatican.com\/articles\/pope-leo-xiiis-legacy-reaches-space-with-asteroid-named-in-his-honor<\/a><\/em><\/p>","protected":false},"excerpt":{"rendered":"<p>L'Observatoire du Vatican a baptis\u00e9 quatre ast\u00e9ro\u00efdes du nom de personnages cl\u00e9s de son histoire, dont le pape qui a refond\u00e9 l'observatoire en 1891. L'Observatoire du Vatican a baptis\u00e9 quatre ast\u00e9ro\u00efdes du nom de personnages cl\u00e9s de son histoire. Parmi eux, le pape L\u00e9on XIII, qui a refond\u00e9 l'institution en 1891. Les ast\u00e9ro\u00efdes nouvellement nomm\u00e9s ont \u00e9t\u00e9 d\u00e9couverts par l'observatoire [...]<\/p>","protected":false},"author":26,"featured_media":4404,"comment_status":"open","ping_status":"open","sticky":false,"template":"","format":"standard","meta":{"footnotes":""},"categories":[12],"tags":[],"class_list":["post-4405","post","type-post","status-publish","format-standard","has-post-thumbnail","hentry","category-vatican"],"_links":{"self":[{"href":"http:\/\/ewtnafrique.com\/fr\/wp-json\/wp\/v2\/posts\/4405","targetHints":{"allow":["GET"]}}],"collection":[{"href":"http:\/\/ewtnafrique.com\/fr\/wp-json\/wp\/v2\/posts"}],"about":[{"href":"http:\/\/ewtnafrique.com\/fr\/wp-json\/wp\/v2\/types\/post"}],"author":[{"embeddable":true,"href":"http:\/\/ewtnafrique.com\/fr\/wp-json\/wp\/v2\/users\/26"}],"replies":[{"embeddable":true,"href":"http:\/\/ewtnafrique.com\/fr\/wp-json\/wp\/v2\/comments?post=4405"}],"version-history":[{"count":0,"href":"http:\/\/ewtnafrique.com\/fr\/wp-json\/wp\/v2\/posts\/4405\/revisions"}],"wp:featuredmedia":[{"embeddable":true,"href":"http:\/\/ewtnafrique.com\/fr\/wp-json\/wp\/v2\/media\/4404"}],"wp:attachment":[{"href":"http:\/\/ewtnafrique.com\/fr\/wp-json\/wp\/v2\/media?parent=4405"}],"wp:term":[{"taxonomy":"category","embeddable":true,"href":"http:\/\/ewtnafrique.com\/fr\/wp-json\/wp\/v2\/categories?post=4405"},{"taxonomy":"post_tag","embeddable":true,"href":"http:\/\/ewtnafrique.com\/fr\/wp-json\/wp\/v2\/tags?post=4405"}],"curies":[{"name":"wp","href":"https:\/\/api.w.org\/{rel}","templated":true}]}}