{"id":4407,"date":"2026-04-30T11:43:16","date_gmt":"2026-04-30T11:43:16","guid":{"rendered":"https:\/\/ewtnafrique.com\/fr\/pope-leo-xiv-condemns-surge-of-violence-in-colombia-following-attacks-on-civilians\/"},"modified":"2026-04-30T11:43:16","modified_gmt":"2026-04-30T11:43:16","slug":"pope-leo-xiv-condemns-surge-of-violence-in-colombia-following-attacks-on-civilians","status":"publish","type":"post","link":"http:\/\/ewtnafrique.com\/fr\/pope-leo-xiv-condemns-surge-of-violence-in-colombia-following-attacks-on-civilians\/","title":{"rendered":"Le pape L\u00e9on XIV condamne la flamb\u00e9e de violence en Colombie \u00e0 la suite d'attaques contre des civils"},"content":{"rendered":"<p>Depuis vendredi, les groupes rebelles ont men\u00e9 plus de deux douzaines d'attaques contre des civils et des bases militaires, juste avant les \u00e9lections pr\u00e9sidentielles pr\u00e9vues pour le 31 mai.<\/p>\n<p>Le pape L\u00e9on XIV a condamn\u00e9 mercredi la flamb\u00e9e de violence en Colombie \u00e0 la suite d'un week-end d'attentats meurtriers dans le sud-ouest du pays.<\/p>\n<p>Depuis vendredi, les groupes rebelles ont men\u00e9 plus de deux douzaines d'attaques contre des civils et des bases militaires, juste avant les \u00e9lections pr\u00e9sidentielles pr\u00e9vues pour le 31 mai.<\/p>\n<p>L'incident le plus meurtrier a eu lieu lorsqu'une bombe a explos\u00e9 sur l'autoroute panam\u00e9ricaine dans le d\u00e9partement de Cauca au passage d'un bus interurbain. L'attentat s'est produit dans l'une des r\u00e9gions qui a le plus souffert de la violence ces derni\u00e8res semaines, dans un contexte d'escalade des attaques arm\u00e9es.<\/p>\n<p>Il s'agit du massacre de civils le plus sanglant enregistr\u00e9 dans le pays depuis plus d'une d\u00e9cennie, lorsque l'\u00c9tat colombien et les organisations non gouvernementales sp\u00e9cialis\u00e9es ont commenc\u00e9 \u00e0 identifier officiellement comme massacres les \u00e9pisodes impliquant la mort simultan\u00e9e de trois personnes ou plus.<\/p>\n<p>Devant des milliers de personnes rassembl\u00e9es sur la place Saint-Pierre, le souverain pontife a exprim\u00e9 sa condamnation de la nouvelle vague de violence qui touche le pays sud-am\u00e9ricain.<\/p>\n<p>\u201cC'est avec tristesse et inqui\u00e9tude que j'ai appris la situation tragique de la violence qui touche le sud-ouest de la Colombie et qui a caus\u00e9 de graves pertes en vies humaines\u201d, a-t-il d\u00e9clar\u00e9 en s'adressant aux hispanophones.<\/p>\n<p>\u201cJ'exprime ma proximit\u00e9 dans la pri\u00e8re aux victimes et \u00e0 leurs familles, et j'exhorte tout le monde \u00e0 rejeter toute forme de violence et \u00e0 choisir r\u00e9solument le chemin de la paix\u201d, a d\u00e9clar\u00e9 le pape en espagnol.<\/p>\n<p>La Colombie conna\u00eet \u00e0 nouveau les \u00e9pisodes les plus sombres de son conflit arm\u00e9. Depuis janvier, 48 massacres ont \u00e9t\u00e9 enregistr\u00e9s. Au moins 229 personnes ont \u00e9t\u00e9 tu\u00e9es dans ces incidents, ce qui en fait le d\u00e9but d'ann\u00e9e le plus violent depuis la signature de l'accord de paix de 2016.<\/p>\n<p>La vague de violence s'\u00e9tend du nord au sud du pays dans un contexte marqu\u00e9 par un climat \u00e9lectoral de plus en plus tendu.<\/p>\n<p>Message de paix en Afrique<\/p>\n<p>Comme il est d'usage apr\u00e8s les voyages apostoliques, le pape L\u00e9on XIV a consacr\u00e9 son discours principal lors de l'audience g\u00e9n\u00e9rale \u00e0 une r\u00e9flexion sur son voyage en Afrique du 13 au 23 avril : 11 jours de p\u00e8lerinage pastoral au cours desquels il s'est rendu dans quatre pays - Alg\u00e9rie, Cameroun, Angola et Guin\u00e9e \u00e9quatoriale - en prenant 18 vols et en s'arr\u00eatant dans 11 villes.<\/p>\n<p>Le pape L\u00e9on XIV salue la foule depuis la papamobile lors de son audience g\u00e9n\u00e9rale hebdomadaire sur la place Saint-Pierre, le 29 avril 2026. | Cr\u00e9dit photo : Daniel Ibanez\/EWTN News<\/p>\n<p>\u201cD\u00e8s le d\u00e9but de mon pontificat, j'ai pens\u00e9 \u00e0 un voyage en Afrique. Je remercie le Seigneur de m'avoir donn\u00e9 la possibilit\u00e9 de l'entreprendre, en tant que pasteur, pour rencontrer et encourager le peuple de Dieu ; et aussi pour le vivre comme un message de paix \u00e0 un moment de l'histoire marqu\u00e9 par des guerres et des violations graves et fr\u00e9quentes du droit international\u201d, a-t-il d\u00e9clar\u00e9.<\/p>\n<p>Parall\u00e8lement \u00e0 cet appel \u00e0 la paix, a-t-il ajout\u00e9, il a \u00e9galement souhait\u00e9 attirer l'attention sur \u201cles graves injustices qui existent dans ces pays si riches en ressources naturelles\u201d, et il a exhort\u00e9 la communaut\u00e9 internationale \u00e0 d\u00e9passer les \u201cattitudes n\u00e9ocoloniales\u201d pour s'engager dans une \u201ccollaboration authentique\u201d avec le continent africain.<\/p>\n<p>Le pape L\u00e9on XIV a \u00e9galement soulign\u00e9 la valeur de ce voyage en tant que plateforme permettant de donner une voix au peuple africain. Selon le pape, la visite apostolique a permis \u00e0 ces communaut\u00e9s \u201cde faire entendre leur voix, d'exprimer la joie d'\u00eatre le peuple de Dieu et l'espoir d'un avenir meilleur, de dignit\u00e9 pour tous et chacun\u201d, dans des contextes sociaux et politiques complexes.<\/p>\n<p>Sur un ton personnel, le pontife a exprim\u00e9 sa gratitude pour ce qu'il a re\u00e7u au cours du voyage pastoral. \u201cJe remercie le Seigneur pour ce qu'il m'a donn\u00e9, un tr\u00e9sor inestimable pour mon c\u0153ur et mon minist\u00e8re\u201d.\u201d<\/p>\n<p>Le bilan de ce voyage, a-t-il expliqu\u00e9, ne se limite pas \u00e0 la sph\u00e8re pastorale mais constitue \u00e9galement un appel \u00e0 la responsabilit\u00e9 internationale et un rappel de la dignit\u00e9 des peuples africains.<\/p>\n<p>Au d\u00e9but de sa cat\u00e9ch\u00e8se, le pape a expliqu\u00e9 les raisons qui l'ont pouss\u00e9 \u00e0 choisir l'Alg\u00e9rie comme premi\u00e8re \u00e9tape du voyage, un pays qui conserve des sites li\u00e9s \u00e0 saint Augustin.<\/p>\n<p>\u201cAinsi, je me suis retrouv\u00e9, d'une part, \u00e0 revisiter les racines de mon identit\u00e9 spirituelle et, d'autre part, \u00e0 traverser et \u00e0 renforcer des ponts qui sont tr\u00e8s importants pour le monde et l'\u00c9glise aujourd'hui : le pont avec l'\u00e2ge tr\u00e8s f\u00e9cond des P\u00e8res de l'\u00c9glise, le pont avec le monde islamique et le pont avec le continent africain\u201d, a-t-il d\u00e9clar\u00e9.<\/p>\n<p>Apr\u00e8s l'Alg\u00e9rie, le pontife s'est rendu au Cameroun, en Angola et en Guin\u00e9e \u00e9quatoriale - trois pays qui, contrairement \u00e0 l'Alg\u00e9rie, o\u00f9 l'islam est pratiqu\u00e9 par la grande majorit\u00e9 de la population, ont une population majoritairement chr\u00e9tienne. L\u00e0, a-t-il not\u00e9, \u201cje me suis donc trouv\u00e9 plong\u00e9 dans une atmosph\u00e8re de c\u00e9l\u00e9bration de la foi et d'accueil chaleureux, rehauss\u00e9e aussi par les traits caract\u00e9ristiques du peuple africain\u201d.\u201d<\/p>\n<p>Comme ses pr\u00e9d\u00e9cesseurs, il dit avoir v\u00e9cu quelque chose de ce que J\u00e9sus a v\u00e9cu avec les foules en Galil\u00e9e : \u201cIl les a vues assoiff\u00e9es et affam\u00e9es de justice\u201d et leur a proclam\u00e9 : Heureux les pauvres, heureux les doux, heureux les artisans de paix\u201c et, reconnaissant leur foi, il leur a dit : \u201dVous \u00eates le sel de la terre : \u201cVous \u00eates le sel de la terre et la lumi\u00e8re du monde\u201d.\u201d<\/p>\n<p>Parmi les moments les plus marquants, il a \u00e9voqu\u00e9 la visite de la prison de Bata, en Guin\u00e9e \u00e9quatoriale, o\u00f9 les d\u00e9tenus lui ont demand\u00e9 de prier \u201cpour leurs p\u00e9ch\u00e9s et leur libert\u00e9\u201d.\u201d<\/p>\n<p>\u201cJe n'avais jamais rien vu de tel\u201d, a d\u00e9clar\u00e9 le pape. Ils ont pri\u00e9 ensemble le Notre P\u00e8re sous une pluie battante - \u201cun v\u00e9ritable signe du royaume de Dieu\u201d.\u201d<\/p>\n<p>Cette histoire a \u00e9t\u00e9 mise \u00e0 jour avec la r\u00e9flexion du pape\u02bcsur son voyage apostolique en Afrique.<\/p>\n<p>Cet article a d'abord \u00e9t\u00e9 publi\u00e9 en deux parties par ACI Prensa, le service fr\u00e8re en langue espagnole d'EWTN News. Il a \u00e9t\u00e9 traduit et adapt\u00e9 par EWTN News English.<\/p>\n<p><em>Source : <a href=\"https:\/\/ewtnvatican.com\/articles\/pope-leo-xiv-condemns-surge-of-violence-in-colombia-following-attacks-on-civilians\" target=\"_blank\" rel=\"noopener noreferrer\">https:\/\/ewtnvatican.com\/articles\/pope-leo-xiv-condemns-surge-of-violence-in-colombia-following-attacks-on-civilians<\/a><\/em><\/p>","protected":false},"excerpt":{"rendered":"<p>Depuis vendredi, les groupes rebelles ont men\u00e9 plus de deux douzaines d'attaques contre des civils et des bases militaires, juste avant les \u00e9lections pr\u00e9sidentielles pr\u00e9vues pour le 31 mai. Le pape L\u00e9on XIV a condamn\u00e9 mercredi la flamb\u00e9e de violence en Colombie apr\u00e8s un week-end d'attentats meurtriers dans le sud-ouest du pays. Depuis vendredi, les rebelles [...]<\/p>","protected":false},"author":26,"featured_media":4406,"comment_status":"open","ping_status":"open","sticky":false,"template":"","format":"standard","meta":{"footnotes":""},"categories":[12],"tags":[],"class_list":["post-4407","post","type-post","status-publish","format-standard","has-post-thumbnail","hentry","category-vatican"],"_links":{"self":[{"href":"http:\/\/ewtnafrique.com\/fr\/wp-json\/wp\/v2\/posts\/4407","targetHints":{"allow":["GET"]}}],"collection":[{"href":"http:\/\/ewtnafrique.com\/fr\/wp-json\/wp\/v2\/posts"}],"about":[{"href":"http:\/\/ewtnafrique.com\/fr\/wp-json\/wp\/v2\/types\/post"}],"author":[{"embeddable":true,"href":"http:\/\/ewtnafrique.com\/fr\/wp-json\/wp\/v2\/users\/26"}],"replies":[{"embeddable":true,"href":"http:\/\/ewtnafrique.com\/fr\/wp-json\/wp\/v2\/comments?post=4407"}],"version-history":[{"count":0,"href":"http:\/\/ewtnafrique.com\/fr\/wp-json\/wp\/v2\/posts\/4407\/revisions"}],"wp:featuredmedia":[{"embeddable":true,"href":"http:\/\/ewtnafrique.com\/fr\/wp-json\/wp\/v2\/media\/4406"}],"wp:attachment":[{"href":"http:\/\/ewtnafrique.com\/fr\/wp-json\/wp\/v2\/media?parent=4407"}],"wp:term":[{"taxonomy":"category","embeddable":true,"href":"http:\/\/ewtnafrique.com\/fr\/wp-json\/wp\/v2\/categories?post=4407"},{"taxonomy":"post_tag","embeddable":true,"href":"http:\/\/ewtnafrique.com\/fr\/wp-json\/wp\/v2\/tags?post=4407"}],"curies":[{"name":"wp","href":"https:\/\/api.w.org\/{rel}","templated":true}]}}